{"id":2041,"date":"2026-08-21T14:45:55","date_gmt":"2026-08-21T17:45:55","guid":{"rendered":"https:\/\/www.veneza.com.br\/blog\/?p=2041"},"modified":"2026-08-21T14:45:56","modified_gmt":"2026-08-21T17:45:56","slug":"profissao-de-corretor-de-imoveis-muito-alem-de-vender-imoveis","status":"publish","type":"post","link":"https:\/\/www.veneza.com.br\/blog\/profissao-de-corretor-de-imoveis-muito-alem-de-vender-imoveis\/","title":{"rendered":"Profiss\u00e3o de corretor de im\u00f3veis: muito al\u00e9m de vender im\u00f3veis"},"content":{"rendered":"<p>\n    Todos os anos, em 27 de agosto, o mercado imobili\u00e1rio brasileiro celebra uma profiss\u00e3o que participa de alguns dos momentos mais importantes da vida das pessoas: o <strong>Dia do Corretor de Im\u00f3veis<\/strong>.\n  <\/p>\n<p>\n    A escolha da data remete a 27 de agosto de 1962, quando foi publicada a Lei n\u00ba 4.116, primeira legisla\u00e7\u00e3o a regulamentar a profiss\u00e3o no Brasil. Embora essa lei tenha sido posteriormente revogada, a data permaneceu como um marco para a categoria.\n  <\/p>\n<p>\n    Anos depois, a Lei n\u00ba 6.530\/1978 estabeleceu a regulamenta\u00e7\u00e3o que atualmente disciplina o exerc\u00edcio da profiss\u00e3o.\n  <\/p>\n<p>\n    Mais de seis d\u00e9cadas depois, o corretor de im\u00f3veis continua sendo uma figura essencial para o funcionamento do mercado imobili\u00e1rio.\n  <\/p>\n<p>\n    Mas, afinal, <strong>o que faz um corretor de im\u00f3veis?<\/strong>\n  <\/p>\n<h2>O que faz um corretor de im\u00f3veis?<\/h2>\n<p>\n    A resposta mais simples seria: intermediar a compra, a venda, a permuta e a loca\u00e7\u00e3o de im\u00f3veis.\n  <\/p>\n<p>\n    E est\u00e1 correta. A pr\u00f3pria legisla\u00e7\u00e3o estabelece essas atividades como atribui\u00e7\u00f5es do profissional. Por\u00e9m, a realidade da profiss\u00e3o \u00e9 muito mais ampla do que essa defini\u00e7\u00e3o pode sugerir.\n  <\/p>\n<p>\n    Antes de apresentar um im\u00f3vel, o corretor precisa entender quem \u00e9 o seu cliente, identificar oportunidades, acompanhar o mercado financeiro, compreender a legisla\u00e7\u00e3o que impacta sua atividade e investir continuamente em seu desenvolvimento profissional e na constru\u00e7\u00e3o de bons relacionamentos.\n  <\/p>\n<p>\n    \u00c9 por isso que falar sobre a profiss\u00e3o de corretor de im\u00f3veis \u00e9 falar tamb\u00e9m sobre <strong>conhecimento, relacionamento e responsabilidade<\/strong>.\n  <\/p>\n<h2>Entre im\u00f3veis e pessoas<\/h2>\n<p>\n    Cada cliente possui uma necessidade espec\u00edfica. H\u00e1 quem esteja procurando o primeiro apartamento, quem precise de mais espa\u00e7o, quem queira reduzir deslocamentos, quem esteja buscando uma oportunidade de investimento, montando uma empresa ou simplesmente iniciando uma nova fase da vida.\n  <\/p>\n<p>\n    H\u00e1 tamb\u00e9m propriet\u00e1rios que disponibilizam im\u00f3veis para venda, muitas vezes em raz\u00e3o de mudan\u00e7as significativas, ou para loca\u00e7\u00e3o, esperando uma gest\u00e3o eficiente do patrim\u00f4nio e uma boa rentabilidade.\n  <\/p>\n<p>\n    O trabalho do corretor come\u00e7a justamente quando ele consegue transformar essas diferentes necessidades em oportunidades de neg\u00f3cio.\n  <\/p>\n<p>\n    O sucesso acontece por meio de uma <strong>escuta atenta<\/strong> e de uma <strong>apresenta\u00e7\u00e3o assertiva<\/strong>.\n  <\/p>\n<p>\n    Outro ponto fundamental \u00e9 o conhecimento do mercado.\n  <\/p>\n<p>\n    \u00c9 preciso compreender os diferentes bairros, suas caracter\u00edsticas, infraestrutura, acessos, servi\u00e7os, perfil dos im\u00f3veis dispon\u00edveis e o que cada regi\u00e3o oferece para diferentes estilos de vida.\n  <\/p>\n<p>\n    Nesse contexto, o relacionamento tamb\u00e9m se torna um diferencial. Em muitos casos, as parcerias entre corretores representam o melhor caminho para encontrar uma solu\u00e7\u00e3o adequada para o cliente.\n  <\/p>\n<p>\n    Em resumo, a escuta criteriosa, o conhecimento do mercado e a constru\u00e7\u00e3o de excelentes relacionamentos transformam o corretor em um profissional capaz de conectar <strong>pessoas, im\u00f3veis e lugares<\/strong>, gerando bons resultados para todos os envolvidos.\n  <\/p>\n<h2>Os desafios da atividade<\/h2>\n<p>\n    A rotina de um corretor de im\u00f3veis \u00e9 din\u00e2mica e intensa.\n  <\/p>\n<p>\n    Um dia pode envolver visitas, reuni\u00f5es, negocia\u00e7\u00f5es e atendimento a clientes. No outro, pode exigir pesquisa de mercado, acompanhamento de documenta\u00e7\u00e3o, prospec\u00e7\u00e3o e identifica\u00e7\u00e3o de novas oportunidades.\n  <\/p>\n<p>\n    Existe tamb\u00e9m o desafio de lidar com diferentes expectativas, momentos de decis\u00e3o e mudan\u00e7as constantes no mercado imobili\u00e1rio.\n  <\/p>\n<p>\n    \u00c9 uma profiss\u00e3o que exige <strong>disciplina, resili\u00eancia, conhecimento e capacidade de adapta\u00e7\u00e3o<\/strong>.\n  <\/p>\n<h2>A tecnologia mudou a busca por im\u00f3veis, mas o relacionamento continua decisivo<\/h2>\n<p>\n    Hoje, o cliente pode pesquisar im\u00f3veis pela internet, comparar pre\u00e7os, conhecer oportunidades pelas redes sociais, realizar visitas virtuais e receber informa\u00e7\u00f5es em poucos minutos.\n  <\/p>\n<p>\n    Portais imobili\u00e1rios, redes sociais, intelig\u00eancia artificial e outras ferramentas transformaram a forma como os im\u00f3veis s\u00e3o apresentados e como os clientes s\u00e3o atendidos.\n  <\/p>\n<p>\n    Mas uma coisa permanece: <strong>a decis\u00e3o \u00e9 do cliente<\/strong>.\n  <\/p>\n<p>\n    Depois da fase de pesquisa de mercado, come\u00e7a o relacionamento \u2014 e \u00e9 justamente a\u00ed que pode estar a chave para o sucesso da negocia\u00e7\u00e3o.\n  <\/p>\n<p>\n    A agilidade e a consist\u00eancia do atendimento, somadas ao conhecimento, \u00e0 transpar\u00eancia e \u00e0 \u00e9tica do corretor, constroem uma rela\u00e7\u00e3o de respeito e confian\u00e7a. Esses s\u00e3o atributos essenciais para alcan\u00e7ar bons resultados em um mercado de alto valor agregado.\n  <\/p>\n<h2>Dia do Corretor de Im\u00f3veis<\/h2>\n<p>\n    Neste <strong>27 de agosto<\/strong>, a Veneza Im\u00f3veis homenageia todos os profissionais que fazem do mercado imobili\u00e1rio uma ponte entre sonhos e realiza\u00e7\u00f5es.\n  <\/p>\n<p>\n    <strong>Feliz Dia do Corretor de Im\u00f3veis!<\/strong>\n  <\/p>\n<h2>Encontre seu pr\u00f3ximo im\u00f3vel em Londrina<\/h2>\n<p>\n    Conhe\u00e7a os im\u00f3veis dispon\u00edveis em Londrina e conte com a <strong>Veneza Im\u00f3veis<\/strong> para encontrar a oportunidade ideal para voc\u00ea.\n  <\/p>\n<ul>\n<li>\n      <strong>Alugar em Londrina:<\/strong><br \/>\n      <a href=\"https:\/\/www.veneza.com.br\/imoveis\/alugar-em-londrina\"><br \/>\n        veja os im\u00f3veis dispon\u00edveis para loca\u00e7\u00e3o<br \/>\n      <\/a>\n    <\/li>\n<li>\n      <strong>Comprar em Londrina:<\/strong><br \/>\n      <a href=\"https:\/\/www.veneza.com.br\/imoveis\/comprar-em-londrina\"><br \/>\n        veja os im\u00f3veis dispon\u00edveis para compra<br \/>\n      <\/a>\n    <\/li>\n<\/ul>\n<footer>\n<p>\n      <strong>Veneza Im\u00f3veis<\/strong><br \/>\n      Sua imobili\u00e1ria em Londrina.<br \/>\n      <strong>45 anos de hist\u00f3ria.<\/strong>\n    <\/p>\n<\/footer>\n<\/article>\n\n\n<p><\/p>\n","protected":false},"excerpt":{"rendered":"<p>Todos os anos, em 27 de agosto, o mercado imobili\u00e1rio brasileiro celebra uma profiss\u00e3o que..<\/p>\n","protected":false},"author":2,"featured_media":2044,"comment_status":"closed","ping_status":"closed","sticky":false,"template":"","format":"standard","meta":{"inline_featured_image":false,"footnotes":""},"categories":[89],"tags":[],"class_list":["post-2041","post","type-post","status-publish","format-standard","has-post-thumbnail","hentry","category-mercado"],"yoast_head":"<!-- This site is optimized with the Yoast SEO Premium plugin v20.3 (Yoast SEO v21.2) - https:\/\/yoast.com\/wordpress\/plugins\/seo\/ -->\n<title>Profiss\u00e3o de corretor de im\u00f3veis: muito al\u00e9m de vender im\u00f3veis - Blog da Veneza Im\u00f3veis<\/title>\n<meta name=\"robots\" content=\"index, follow, max-snippet:-1, max-image-preview:large, max-video-preview:-1\" \/>\n<link rel=\"canonical\" href=\"https:\/\/www.veneza.com.br\/blog\/profissao-de-corretor-de-imoveis-muito-alem-de-vender-imoveis\/\" \/>\n<meta property=\"og:locale\" content=\"pt_BR\" \/>\n<meta property=\"og:type\" content=\"article\" \/>\n<meta property=\"og:title\" content=\"Profiss\u00e3o de corretor de im\u00f3veis: muito al\u00e9m de vender im\u00f3veis\" \/>\n<meta property=\"og:description\" content=\"Todos os anos, em 27 de agosto, o mercado imobili\u00e1rio brasileiro celebra uma profiss\u00e3o que..\" \/>\n<meta property=\"og:url\" content=\"https:\/\/www.veneza.com.br\/blog\/profissao-de-corretor-de-imoveis-muito-alem-de-vender-imoveis\/\" \/>\n<meta property=\"og:site_name\" content=\"Blog da Veneza Im\u00f3veis\" \/>\n<meta property=\"article:published_time\" content=\"2026-08-21T17:45:55+00:00\" \/>\n<meta property=\"article:modified_time\" content=\"2026-08-21T17:45:56+00:00\" \/>\n<meta property=\"og:image\" content=\"https:\/\/www.veneza.com.br\/blog\/wp-content\/uploads\/2026\/08\/CAPA-BLOG-CORRETOR-1024x576.png\" \/>\n\t<meta property=\"og:image:width\" content=\"1024\" \/>\n\t<meta property=\"og:image:height\" content=\"576\" \/>\n\t<meta property=\"og:image:type\" content=\"image\/png\" \/>\n<meta name=\"author\" content=\"Veneza Im\u00f3veis\" \/>\n<meta name=\"twitter:card\" content=\"summary_large_image\" \/>\n<meta name=\"twitter:label1\" content=\"Escrito por\" \/>\n\t<meta name=\"twitter:data1\" content=\"Veneza Im\u00f3veis\" \/>\n\t<meta name=\"twitter:label2\" content=\"Est. tempo de leitura\" \/>\n\t<meta name=\"twitter:data2\" content=\"4 minutos\" \/>\n<script type=\"application\/ld+json\" class=\"yoast-schema-graph\">{\"@context\":\"https:\/\/schema.org\",\"@graph\":[{\"@type\":\"WebPage\",\"@id\":\"https:\/\/www.veneza.com.br\/blog\/profissao-de-corretor-de-imoveis-muito-alem-de-vender-imoveis\/\",\"url\":\"https:\/\/www.veneza.com.br\/blog\/profissao-de-corretor-de-imoveis-muito-alem-de-vender-imoveis\/\",\"name\":\"Profiss\u00e3o de corretor de im\u00f3veis: muito al\u00e9m de vender im\u00f3veis - Blog da Veneza Im\u00f3veis\",\"isPartOf\":{\"@id\":\"https:\/\/www.veneza.com.br\/blog\/#website\"},\"datePublished\":\"2026-08-21T17:45:55+00:00\",\"dateModified\":\"2026-08-21T17:45:56+00:00\",\"author\":{\"@id\":\"https:\/\/www.veneza.com.br\/blog\/#\/schema\/person\/ecb062c0aa810a61b94b2aa37245b506\"},\"breadcrumb\":{\"@id\":\"https:\/\/www.veneza.com.br\/blog\/profissao-de-corretor-de-imoveis-muito-alem-de-vender-imoveis\/#breadcrumb\"},\"inLanguage\":\"pt-BR\",\"potentialAction\":[{\"@type\":\"ReadAction\",\"target\":[\"https:\/\/www.veneza.com.br\/blog\/profissao-de-corretor-de-imoveis-muito-alem-de-vender-imoveis\/\"]}]},{\"@type\":\"BreadcrumbList\",\"@id\":\"https:\/\/www.veneza.com.br\/blog\/profissao-de-corretor-de-imoveis-muito-alem-de-vender-imoveis\/#breadcrumb\",\"itemListElement\":[{\"@type\":\"ListItem\",\"position\":1,\"name\":\"In\u00edcio\",\"item\":\"https:\/\/www.veneza.com.br\/blog\/\"},{\"@type\":\"ListItem\",\"position\":2,\"name\":\"Mercado\",\"item\":\"https:\/\/www.veneza.com.br\/blog\/category\/mercado\/\"},{\"@type\":\"ListItem\",\"position\":3,\"name\":\"Profiss\u00e3o de corretor de im\u00f3veis: muito al\u00e9m de vender im\u00f3veis\"}]},{\"@type\":\"WebSite\",\"@id\":\"https:\/\/www.veneza.com.br\/blog\/#website\",\"url\":\"https:\/\/www.veneza.com.br\/blog\/\",\"name\":\"Blog da Veneza Im\u00f3veis\",\"description\":\"\",\"potentialAction\":[{\"@type\":\"SearchAction\",\"target\":{\"@type\":\"EntryPoint\",\"urlTemplate\":\"https:\/\/www.veneza.com.br\/blog\/?s={search_term_string}\"},\"query-input\":\"required name=search_term_string\"}],\"inLanguage\":\"pt-BR\"},{\"@type\":\"Person\",\"@id\":\"https:\/\/www.veneza.com.br\/blog\/#\/schema\/person\/ecb062c0aa810a61b94b2aa37245b506\",\"name\":\"Veneza Im\u00f3veis\",\"image\":{\"@type\":\"ImageObject\",\"inLanguage\":\"pt-BR\",\"@id\":\"https:\/\/www.veneza.com.br\/blog\/#\/schema\/person\/image\/\",\"url\":\"https:\/\/secure.gravatar.com\/avatar\/a1a76a055fdf30b6128dd1cb6022692f?s=96&d=mm&r=g\",\"contentUrl\":\"https:\/\/secure.gravatar.com\/avatar\/a1a76a055fdf30b6128dd1cb6022692f?s=96&d=mm&r=g\",\"caption\":\"Veneza Im\u00f3veis\"},\"sameAs\":[\"https:\/\/www.veneza.com.br\"],\"url\":\"https:\/\/www.veneza.com.br\/blog\/author\/veneza-blog\/\"}]}<\/script>\n<!-- \/ Yoast SEO Premium plugin. -->","yoast_head_json":{"title":"Profiss\u00e3o de corretor de im\u00f3veis: muito al\u00e9m de vender im\u00f3veis - Blog da Veneza Im\u00f3veis","robots":{"index":"index","follow":"follow","max-snippet":"max-snippet:-1","max-image-preview":"max-image-preview:large","max-video-preview":"max-video-preview:-1"},"canonical":"https:\/\/www.veneza.com.br\/blog\/profissao-de-corretor-de-imoveis-muito-alem-de-vender-imoveis\/","og_locale":"pt_BR","og_type":"article","og_title":"Profiss\u00e3o de corretor de im\u00f3veis: muito al\u00e9m de vender im\u00f3veis","og_description":"Todos os anos, em 27 de agosto, o mercado imobili\u00e1rio brasileiro celebra uma profiss\u00e3o que..","og_url":"https:\/\/www.veneza.com.br\/blog\/profissao-de-corretor-de-imoveis-muito-alem-de-vender-imoveis\/","og_site_name":"Blog da Veneza Im\u00f3veis","article_published_time":"2026-08-21T17:45:55+00:00","article_modified_time":"2026-08-21T17:45:56+00:00","og_image":[{"width":1024,"height":576,"url":"https:\/\/www.veneza.com.br\/blog\/wp-content\/uploads\/2026\/08\/CAPA-BLOG-CORRETOR-1024x576.png","type":"image\/png"}],"author":"Veneza Im\u00f3veis","twitter_card":"summary_large_image","twitter_misc":{"Escrito por":"Veneza Im\u00f3veis","Est. tempo de leitura":"4 minutos"},"schema":{"@context":"https:\/\/schema.org","@graph":[{"@type":"WebPage","@id":"https:\/\/www.veneza.com.br\/blog\/profissao-de-corretor-de-imoveis-muito-alem-de-vender-imoveis\/","url":"https:\/\/www.veneza.com.br\/blog\/profissao-de-corretor-de-imoveis-muito-alem-de-vender-imoveis\/","name":"Profiss\u00e3o de corretor de im\u00f3veis: muito al\u00e9m de vender im\u00f3veis - Blog da Veneza Im\u00f3veis","isPartOf":{"@id":"https:\/\/www.veneza.com.br\/blog\/#website"},"datePublished":"2026-08-21T17:45:55+00:00","dateModified":"2026-08-21T17:45:56+00:00","author":{"@id":"https:\/\/www.veneza.com.br\/blog\/#\/schema\/person\/ecb062c0aa810a61b94b2aa37245b506"},"breadcrumb":{"@id":"https:\/\/www.veneza.com.br\/blog\/profissao-de-corretor-de-imoveis-muito-alem-de-vender-imoveis\/#breadcrumb"},"inLanguage":"pt-BR","potentialAction":[{"@type":"ReadAction","target":["https:\/\/www.veneza.com.br\/blog\/profissao-de-corretor-de-imoveis-muito-alem-de-vender-imoveis\/"]}]},{"@type":"BreadcrumbList","@id":"https:\/\/www.veneza.com.br\/blog\/profissao-de-corretor-de-imoveis-muito-alem-de-vender-imoveis\/#breadcrumb","itemListElement":[{"@type":"ListItem","position":1,"name":"In\u00edcio","item":"https:\/\/www.veneza.com.br\/blog\/"},{"@type":"ListItem","position":2,"name":"Mercado","item":"https:\/\/www.veneza.com.br\/blog\/category\/mercado\/"},{"@type":"ListItem","position":3,"name":"Profiss\u00e3o de corretor de im\u00f3veis: muito al\u00e9m de vender im\u00f3veis"}]},{"@type":"WebSite","@id":"https:\/\/www.veneza.com.br\/blog\/#website","url":"https:\/\/www.veneza.com.br\/blog\/","name":"Blog da Veneza Im\u00f3veis","description":"","potentialAction":[{"@type":"SearchAction","target":{"@type":"EntryPoint","urlTemplate":"https:\/\/www.veneza.com.br\/blog\/?s={search_term_string}"},"query-input":"required name=search_term_string"}],"inLanguage":"pt-BR"},{"@type":"Person","@id":"https:\/\/www.veneza.com.br\/blog\/#\/schema\/person\/ecb062c0aa810a61b94b2aa37245b506","name":"Veneza Im\u00f3veis","image":{"@type":"ImageObject","inLanguage":"pt-BR","@id":"https:\/\/www.veneza.com.br\/blog\/#\/schema\/person\/image\/","url":"https:\/\/secure.gravatar.com\/avatar\/a1a76a055fdf30b6128dd1cb6022692f?s=96&d=mm&r=g","contentUrl":"https:\/\/secure.gravatar.com\/avatar\/a1a76a055fdf30b6128dd1cb6022692f?s=96&d=mm&r=g","caption":"Veneza Im\u00f3veis"},"sameAs":["https:\/\/www.veneza.com.br"],"url":"https:\/\/www.veneza.com.br\/blog\/author\/veneza-blog\/"}]}},"_links":{"self":[{"href":"https:\/\/www.veneza.com.br\/blog\/wp-json\/wp\/v2\/posts\/2041"}],"collection":[{"href":"https:\/\/www.veneza.com.br\/blog\/wp-json\/wp\/v2\/posts"}],"about":[{"href":"https:\/\/www.veneza.com.br\/blog\/wp-json\/wp\/v2\/types\/post"}],"author":[{"embeddable":true,"href":"https:\/\/www.veneza.com.br\/blog\/wp-json\/wp\/v2\/users\/2"}],"replies":[{"embeddable":true,"href":"https:\/\/www.veneza.com.br\/blog\/wp-json\/wp\/v2\/comments?post=2041"}],"version-history":[{"count":1,"href":"https:\/\/www.veneza.com.br\/blog\/wp-json\/wp\/v2\/posts\/2041\/revisions"}],"predecessor-version":[{"id":2045,"href":"https:\/\/www.veneza.com.br\/blog\/wp-json\/wp\/v2\/posts\/2041\/revisions\/2045"}],"wp:featuredmedia":[{"embeddable":true,"href":"https:\/\/www.veneza.com.br\/blog\/wp-json\/wp\/v2\/media\/2044"}],"wp:attachment":[{"href":"https:\/\/www.veneza.com.br\/blog\/wp-json\/wp\/v2\/media?parent=2041"}],"wp:term":[{"taxonomy":"category","embeddable":true,"href":"https:\/\/www.veneza.com.br\/blog\/wp-json\/wp\/v2\/categories?post=2041"},{"taxonomy":"post_tag","embeddable":true,"href":"https:\/\/www.veneza.com.br\/blog\/wp-json\/wp\/v2\/tags?post=2041"}],"curies":[{"name":"wp","href":"https:\/\/api.w.org\/{rel}","templated":true}]}}